{"id":734,"date":"2025-06-18T09:22:50","date_gmt":"2025-06-18T09:22:50","guid":{"rendered":"https:\/\/www.kgs-birkstr.de\/?p=734"},"modified":"2025-06-18T09:24:14","modified_gmt":"2025-06-18T09:24:14","slug":"verabschiedungen","status":"publish","type":"post","link":"https:\/\/www.kgs-birkstr.de\/?p=734","title":{"rendered":"Verabschiedungen"},"content":{"rendered":"\n<p>Diese Woche haben wir uns von Herrn Greven verabschiedet. Nach 31 Jahren an unser Schule! Wir danken ihm von ganzem Herzen f\u00fcr sein Engagement und seine F\u00fcrsorge! Alles Gute f\u00fcr den kommenden Lebensabschnitt. <\/p>\n\n\n\n<p>Auch Frau Franke unsere Schulsozialarbeiterin verabschieden wir diese Woche. <\/p>\n\n\n\n<p>Gleichzeitig begr\u00fc\u00dfen wir Herrn Kourgiantakis, unseren neuen Schulsozialarbeiter bei uns. Herzlich willkommen!<\/p>\n\n\n\n<figure class=\"wp-block-gallery has-nested-images columns-default is-cropped wp-block-gallery-1 is-layout-flex wp-block-gallery-is-layout-flex\">\n<figure class=\"wp-block-image size-large\"><img loading=\"lazy\" decoding=\"async\" width=\"768\" height=\"1024\" data-id=\"725\" src=\"https:\/\/www.kgs-birkstr.de\/wp-content\/uploads\/2025\/06\/Manfred_Nicole-768x1024.jpg\" alt=\"\" class=\"wp-image-725\" srcset=\"https:\/\/www.kgs-birkstr.de\/wp-content\/uploads\/2025\/06\/Manfred_Nicole-768x1024.jpg 768w, https:\/\/www.kgs-birkstr.de\/wp-content\/uploads\/2025\/06\/Manfred_Nicole-225x300.jpg 225w, https:\/\/www.kgs-birkstr.de\/wp-content\/uploads\/2025\/06\/Manfred_Nicole-1152x1536.jpg 1152w, https:\/\/www.kgs-birkstr.de\/wp-content\/uploads\/2025\/06\/Manfred_Nicole-1536x2048.jpg 1536w, https:\/\/www.kgs-birkstr.de\/wp-content\/uploads\/2025\/06\/Manfred_Nicole-scaled.jpg 1920w\" sizes=\"auto, (max-width: 768px) 100vw, 768px\" \/><\/figure>\n<\/figure>\n","protected":false},"excerpt":{"rendered":"<p>Diese Woche haben wir uns von Herrn Greven verabschiedet. Nach 31 Jahren an unser Schule! Wir danken ihm von ganzem Herzen f\u00fcr sein Engagement und seine F\u00fcrsorge! Alles Gute f\u00fcr den kommenden Lebensabschnitt. Auch Frau Franke unsere Schulsozialarbeiterin verabschieden wir diese Woche. Gleichzeitig begr\u00fc\u00dfen wir Herrn Kourgiantakis, unseren neuen Schulsozialarbeiter bei uns. Herzlich willkommen!<\/p>\n","protected":false},"author":2,"featured_media":724,"comment_status":"closed","ping_status":"closed","sticky":false,"template":"","format":"standard","meta":{"footnotes":""},"categories":[1],"tags":[],"class_list":["post-734","post","type-post","status-publish","format-standard","has-post-thumbnail","hentry","category-uncategorized"],"jetpack_featured_media_url":"https:\/\/www.kgs-birkstr.de\/wp-content\/uploads\/2025\/06\/Manfred_alle_Kreis-scaled.jpg","_links":{"self":[{"href":"https:\/\/www.kgs-birkstr.de\/index.php?rest_route=\/wp\/v2\/posts\/734","targetHints":{"allow":["GET"]}}],"collection":[{"href":"https:\/\/www.kgs-birkstr.de\/index.php?rest_route=\/wp\/v2\/posts"}],"about":[{"href":"https:\/\/www.kgs-birkstr.de\/index.php?rest_route=\/wp\/v2\/types\/post"}],"author":[{"embeddable":true,"href":"https:\/\/www.kgs-birkstr.de\/index.php?rest_route=\/wp\/v2\/users\/2"}],"replies":[{"embeddable":true,"href":"https:\/\/www.kgs-birkstr.de\/index.php?rest_route=%2Fwp%2Fv2%2Fcomments&post=734"}],"version-history":[{"count":2,"href":"https:\/\/www.kgs-birkstr.de\/index.php?rest_route=\/wp\/v2\/posts\/734\/revisions"}],"predecessor-version":[{"id":736,"href":"https:\/\/www.kgs-birkstr.de\/index.php?rest_route=\/wp\/v2\/posts\/734\/revisions\/736"}],"wp:featuredmedia":[{"embeddable":true,"href":"https:\/\/www.kgs-birkstr.de\/index.php?rest_route=\/wp\/v2\/media\/724"}],"wp:attachment":[{"href":"https:\/\/www.kgs-birkstr.de\/index.php?rest_route=%2Fwp%2Fv2%2Fmedia&parent=734"}],"wp:term":[{"taxonomy":"category","embeddable":true,"href":"https:\/\/www.kgs-birkstr.de\/index.php?rest_route=%2Fwp%2Fv2%2Fcategories&post=734"},{"taxonomy":"post_tag","embeddable":true,"href":"https:\/\/www.kgs-birkstr.de\/index.php?rest_route=%2Fwp%2Fv2%2Ftags&post=734"}],"curies":[{"name":"wp","href":"https:\/\/api.w.org\/{rel}","templated":true}]}}